{"id":789,"date":"2019-09-22T17:09:15","date_gmt":"2019-09-22T15:09:15","guid":{"rendered":"http:\/\/www.ljtt.fr\/index.php\/?p=789"},"modified":"2024-10-31T23:29:18","modified_gmt":"2024-10-31T22:29:18","slug":"championnat-par-equipe-tour-1-phase-1","status":"publish","type":"post","link":"https:\/\/www.ljtt.fr\/index.php\/championnat-par-equipe-tour-1-phase-1\/","title":{"rendered":"Championnat par \u00e9quipe Tour 1 Phase 1"},"content":{"rendered":"\n<p class=\"has-text-color has-text-align-center has-primary-color\"><\/p>\n\n\n\n<p><\/p>\n\n\n\n<p><\/p>\n\n\n\n<p class=\"has-text-align-center\">Le\nbruit des balles r\u00e9sonne enfin sur les tables. Apr\u00e8s un chaud \u00e9t\u00e9, il \u00e9tait\ntemps de reprendre la comp\u00e9tition. Nos joueurs se sont bien entretenus pendant\nl\u2019intersaison et ils sont d\u00e9j\u00e0 tr\u00e8s affut\u00e9s. Les r\u00e9sultats sont \u00e0 la hauteur de\nnos attentes avec 3 victoires en 4 rencontres.<\/p>\n\n\n\n<p class=\"has-text-align-center\">L\u2019\u00e9quipe\n1 s\u2019est mari\u00e9 en juillet avec nos presque voisins d\u2019Amberieu et l\u2019entente est d\u00e9j\u00e0\nbonne. L\u2019objectif est de rejoindre le niveau pr\u00e9-national et cette premi\u00e8re\nvictoire nous met sur de bons rails (pluriel d\u2019un train&nbsp;: des rails)<\/p>\n\n\n\n<p class=\"has-text-align-center\">L\u2019\u00e9quipe\n2 est arm\u00e9 \u00e9galement pour jouer les premiers r\u00f4les la poule et rejoindre la PR.\nPremier match et premi\u00e8re tr\u00e8s belle victoire.<\/p>\n\n\n\n<p class=\"has-text-align-center\">Seulement\n2 de nos D2 \u00e9tait au travail ce week-end. La 3 a \u00e9trill\u00e9 Sa\u00f4ne Vall\u00e9e et notre\n4 \u00e9choue d\u2019un poil contre Corcy. <\/p>\n\n\n\n<p class=\"has-text-align-center\">De\nbelles perfs au tableau ce week-end avec notamment <\/p>\n\n\n\n<p class=\"has-text-align-center\">Lo\u00efc\nBOUILLOUX 1208&nbsp;: perfs \u00e0 1400 et 1223<\/p>\n\n\n\n<p class=\"has-text-align-center\">Mathieu\nBUTHOD 945&nbsp;: perfs \u00e0 1110 et 1223<\/p>\n\n\n\n<p class=\"has-text-align-center\">Alexis\nPRAT&nbsp;1320 : perf \u00e0 1400<\/p>\n\n\n\n<p class=\"has-text-align-center\">Jules\nARBANT&nbsp;624 : perfs \u00e0 785 \u2013 801 et 808 <\/p>\n\n\n\n<p class=\"has-text-align-center\">S\u00e9bastien\nMILLET&nbsp;790 : perfs \u00e0 801 et 808<\/p>\n\n\n\n<p class=\"has-text-align-center\">Xavier\nMARTEL&nbsp;: perf \u00e0 801<\/p>\n\n\n\n<p class=\"has-text-color has-primary-color\">En\nr\u00e9gionale 1&nbsp;: ST JEAN DE BOURNAY 3 \/ LJTT 1&nbsp;: 00 -14<\/p>\n\n\n\n<p>Pour cette nouvelle saison, le LJTT\na li\u00e9 ses forces avec nos amis et voisins d&rsquo;Amberieu pour une entente taill\u00e9e\npour faire de beaux r\u00e9sultats&nbsp;: 16-17-18 et un p\u2019tit num\u00e9ro 900.<\/p>\n\n\n\n<p>Premier d\u00e9placement \u00e0 Saint Jean de Bournay. Malheureusement ce club fort sympathique et accueillant a subi quelques d\u00e9part cet \u00e9t\u00e9 et aligne pour nous d\u00e9fier&nbsp;une faible \u00e9quipe 16-14-13- 13.&nbsp;Pas de quoi nous inqui\u00e9ter et ce match \u00e0 vite tourn\u00e9 \u00e0 la d\u00e9monstration&nbsp;: bonne petite mise en jambe de reprise de saison en attendant des oppositions plus s\u00e9rieuses.&nbsp;<\/p>\n\n\n\n<div class=\"wp-block-image\"><figure class=\"aligncenter\"><img loading=\"lazy\" decoding=\"async\" width=\"1024\" height=\"576\" src=\"http:\/\/www.ljtt.fr\/wp-content\/uploads\/2019\/09\/verso-1-1024x576.jpeg\" alt=\"\" class=\"wp-image-788\" srcset=\"https:\/\/www.ljtt.fr\/wp-content\/uploads\/2019\/09\/verso-1-1024x576.jpeg 1024w, https:\/\/www.ljtt.fr\/wp-content\/uploads\/2019\/09\/verso-1-300x169.jpeg 300w, https:\/\/www.ljtt.fr\/wp-content\/uploads\/2019\/09\/verso-1-768x432.jpeg 768w, https:\/\/www.ljtt.fr\/wp-content\/uploads\/2019\/09\/verso-1.jpeg 2016w\" sizes=\"auto, (max-width: 1024px) 100vw, 1024px\" \/><\/figure><\/div>\n\n\n\n<p>Il y a bien eu quelques matchs\naccroch\u00e9s par nos adversaires mais cette nouvelle \u00e9quipe du LJATT ne veut rien\nl\u00e2cher, m\u00eame pas un match.&nbsp;Bilan 14-0&nbsp;: un peu s\u00e9v\u00e8re mais\nlogique.&nbsp;<\/p>\n\n\n\n<p>NiKi : notre nouvelle recrue arrive\nle visage un peu fatigu\u00e9 de la veille et tendu de voir ses nouveaux\nco\u00e9quipiers.&nbsp; Pour le ping, \u00e7a roule&nbsp;: De bons coups, quelques doutes\nmais tous ses matchs gagn\u00e9s malgr\u00e9 peut d&rsquo;entra\u00eenements.&nbsp;&nbsp;<\/p>\n\n\n\n<p>Coco : et bien le coco \u00e0 fait du tr\u00e8s bon et quelques cocone&#8230; Un peu bourrin mais solide avec une bonne d\u00e9termination. Il nous a montr\u00e9 que son nouveau classement de jeune prometteur n&rsquo;avait pas \u00e9t\u00e9 achet\u00e9&nbsp; sur le march\u00e9.&nbsp;&nbsp;<\/p>\n\n\n\n<figure class=\"wp-block-image\"><img loading=\"lazy\" decoding=\"async\" width=\"1024\" height=\"98\" src=\"http:\/\/www.ljtt.fr\/wp-content\/uploads\/2019\/09\/1-1-1024x98.jpg\" alt=\"\" class=\"wp-image-782\" srcset=\"https:\/\/www.ljtt.fr\/wp-content\/uploads\/2019\/09\/1-1-1024x98.jpg 1024w, https:\/\/www.ljtt.fr\/wp-content\/uploads\/2019\/09\/1-1-300x29.jpg 300w, https:\/\/www.ljtt.fr\/wp-content\/uploads\/2019\/09\/1-1-768x73.jpg 768w, https:\/\/www.ljtt.fr\/wp-content\/uploads\/2019\/09\/1-1.jpg 1446w\" sizes=\"auto, (max-width: 1024px) 100vw, 1024px\" \/><\/figure>\n\n\n\n<p>Vinc : Solide lui aussi avec ses\nrevers d&rsquo;extraterrestre. Il ne laisse que 2 sets \u00e0 ses adversaires&nbsp; et nous r\u00e9gale. Mais c&rsquo;est moins bien que le\nvieux Nounouz &nbsp;(qui lui s&rsquo;est entra\u00een\u00e9\npour la reprise).&nbsp; Bilan aucun set laiss\u00e9, coup droit percutant et des\nservices qui ont fait tourner la t\u00eate des joueurs de St Jean de Bournay.<\/p>\n\n\n\n<p>Prochain match dans 15 jours d\u00e9terminant pour une mont\u00e9e. Valence vient dans le chaudron avec une des plus grosses \u00e9quipes de la poule.&nbsp;<\/p>\n\n\n\n<div class=\"wp-block-image\"><figure class=\"aligncenter is-resized\"><img loading=\"lazy\" decoding=\"async\" src=\"http:\/\/www.ljtt.fr\/wp-content\/uploads\/2019\/09\/recto-1-1024x569.jpeg\" alt=\"\" class=\"wp-image-787\" width=\"485\" height=\"269\" srcset=\"https:\/\/www.ljtt.fr\/wp-content\/uploads\/2019\/09\/recto-1-1024x569.jpeg 1024w, https:\/\/www.ljtt.fr\/wp-content\/uploads\/2019\/09\/recto-1-300x167.jpeg 300w, https:\/\/www.ljtt.fr\/wp-content\/uploads\/2019\/09\/recto-1-768x427.jpeg 768w, https:\/\/www.ljtt.fr\/wp-content\/uploads\/2019\/09\/recto-1.jpeg 2016w\" sizes=\"auto, (max-width: 485px) 100vw, 485px\" \/><\/figure><\/div>\n\n\n\n<p>Alexis\nMARTINEZ (3V + D) Vincent CALAMAND (3V + D) Corentin PERRIN (3V + D) SOKOLOV\nNikolay&nbsp; (3V + D)<\/p>\n\n\n\n<p class=\"has-text-color has-primary-color\">En pr\u00e9-r\u00e9gionale&nbsp;: LJJT 2 \/ MEZERIAT 4&nbsp;: 13 &#8211; 05<\/p>\n\n\n\n<p>C\u2019est parti pour une nouvelle\nsaison avec notre nouvelle \u00e9quipe de vainqueur&#8230;<\/p>\n\n\n\n<p>On attaque sur\ndu lourd, Mezeriat qui alignent 14-14-12-11 une grosse \u00e9quipe un peu \u00e9lev\u00e9e par\nrapport \u00e0 nous sur le papier 15-13-12-9.<\/p>\n\n\n\n<p>On lance nos\ndeux leaders dans l\u2019ar\u00e8ne, Captain keke montre qu\u2019il n\u2019est pas dou\u00e9 que pour la\nglaci\u00e8re et gagne son premier match assez facilement contre Florian Bachet (14)\net Alex confirme contre Thibault lechelle (12).<\/p>\n\n\n\n<p>2-0 pour la\nmaison.<\/p>\n\n\n\n<p>Au tour du\npapa et du p\u2019tit de l\u2019\u00e9quipe de perfer. Loic s\u2019arrache contre Fran\u00e7ois Grand\n(14) mais fini par lui laisser la victoire, Mathieu de son c\u00f4t\u00e9 se d\u00e9m\u00e8ne et\nperf contre Anthony Lechelle (11)<\/p>\n\n\n\n<p>3-1, on\ncontinue sur cette lanc\u00e9e.<\/p>\n\n\n\n<p>Deux victoires\nam\u00e8neraient la confiance pour st \u00e9.<\/p>\n\n\n\n<p>C\u2019est chose\nfaite, Kevin mange le 12 et Alexis, impressionne sa bien aim\u00e9 et perf contre le\n14.<\/p>\n\n\n\n<p>5-1, pour\nnotre nouvelle \u00e9quipe.<\/p>\n\n\n\n<p>Dans le 2 \u00e8me\ntour, Mathieu se fait compl\u00e8tement dominer 3-0 contre le 14 et c\u2019est Loic qui\nnous donne son premier point de la journ\u00e9e contre le 11.<\/p>\n\n\n\n<p>6-2, au tour des doubles.<\/p>\n\n\n\n<figure class=\"wp-block-image\"><img loading=\"lazy\" decoding=\"async\" width=\"1024\" height=\"478\" src=\"http:\/\/www.ljtt.fr\/wp-content\/uploads\/2019\/09\/2-1-1024x478.jpg\" alt=\"\" class=\"wp-image-783\" srcset=\"https:\/\/www.ljtt.fr\/wp-content\/uploads\/2019\/09\/2-1-1024x478.jpg 1024w, https:\/\/www.ljtt.fr\/wp-content\/uploads\/2019\/09\/2-1-300x140.jpg 300w, https:\/\/www.ljtt.fr\/wp-content\/uploads\/2019\/09\/2-1-768x358.jpg 768w, https:\/\/www.ljtt.fr\/wp-content\/uploads\/2019\/09\/2-1.jpg 1474w\" sizes=\"auto, (max-width: 1024px) 100vw, 1024px\" \/><\/figure>\n\n\n\n<p>On essaie\nd\u2019assurer un double alors on lance nos gros contre Fran\u00e7ois et Anthony,\nvictoire 3-0.<\/p>\n\n\n\n<p>Notre petit\ndouble peine, 1-3 et laisse un point \u00e0 l\u2019adversaire.<\/p>\n\n\n\n<p>7-3 apr\u00e8s les\ndoubles la confiance est la plus qu\u2019\u00e0 finir le boulot.<\/p>\n\n\n\n<p>Nos deux\np\u2019tits se lance et c\u2019est loic qui ram\u00e8ne le seul point de ce tour en gagnant\nThibault et Mathieu c\u00e8de contre Bachet.<\/p>\n\n\n\n<p>8-4<\/p>\n\n\n\n<p>Toujours dans\nle 1 er tour d\u2019apr\u00e8s double, Kevin extermine le 11 et Patatraque laisse pass\u00e9\nde rien le deuxi\u00e8me 14 \u00e0 la belle.<\/p>\n\n\n\n<p>9-5, \u00e7a va\nd\u00e9rouler&#8230;<\/p>\n\n\n\n<p>Nos petits\ndoivent perfer pour creuser le score, et c\u2019est ce qu\u2019ils font!<\/p>\n\n\n\n<p>Lolo presser\nde passer l\u2019ap\u00e9ro se fait Bachet, perf \u00e0 14 et Mathieu, le deuxieme Lechelle,\nperf \u00e0 12.<\/p>\n\n\n\n<p>11-5, victoire\nassur\u00e9e<\/p>\n\n\n\n<p>Dernier tour\nde cette premi\u00e8re journ\u00e9e, les gros y vont rel\u00e2ch\u00e9s et concluent, Kevin gagne\nle 14, et Alex le 11.<\/p>\n\n\n\n<p>C\u2019est la\nvictoire pour cette nouvelle saison 13-5! On enchaine la m\u00eame contre les\nprochaines \u00e9quipes et la mont\u00e9e est \u00e0 nous!<\/p>\n\n\n\n<p>PS: Mathieu\npropose un petit footing \u00e0 ces co\u00e9quipiers pour ramener les abdos et faire\npasser les packs de 1664.<\/p>\n\n\n\n<p>K\u00e9vin CHERIE (4V + D) Alexis PRAT (3V + D) Mathieu\nBUTHOD (2V) Lo\u00efc BOUILLOUX (3V)<\/p>\n\n\n\n<p class=\"has-text-color has-primary-color\">En\nd\u00e9partementale 2&nbsp;: Sa\u00f4ne Vall\u00e9e TT 2 \/<strong> <\/strong>LJJT\n3 : 01 &#8211; 17<\/p>\n\n\n\n<p>Pour cette premi\u00e8re journ\u00e9e, notre \u00e9quipe 3 se d\u00e9pla\u00e7ait \u00e0 Sa\u00f4ne vall\u00e9e. L&rsquo;\u00e9quipe \u00e9tait compos\u00e9 de JPO, Stephane, Anthony et Valentin (8, 8, 11 et 6). Et en face il y avait (5, 5, 6, 6). Notre \u00e9quipe partait donc largement favorite sur le papier.<br> C&rsquo;\u00e9tait vraiment trop facile pour Tony, il ne conc\u00e8de pas le moindre set !<br> Steph et JPO font carton plein \u00e9galement en conc\u00e9dant que 3 sets chacun seulement.<br> Valentin perd 1 seul match sur un picot.<\/p>\n\n\n\n<div class=\"wp-block-image\"><figure class=\"aligncenter is-resized\"><img loading=\"lazy\" decoding=\"async\" src=\"http:\/\/www.ljtt.fr\/wp-content\/uploads\/2019\/09\/3-1-576x1024.jpg\" alt=\"\" class=\"wp-image-784\" width=\"493\" height=\"876\" srcset=\"https:\/\/www.ljtt.fr\/wp-content\/uploads\/2019\/09\/3-1-576x1024.jpg 576w, https:\/\/www.ljtt.fr\/wp-content\/uploads\/2019\/09\/3-1-169x300.jpg 169w, https:\/\/www.ljtt.fr\/wp-content\/uploads\/2019\/09\/3-1.jpg 720w\" sizes=\"auto, (max-width: 493px) 100vw, 493px\" \/><\/figure><\/div>\n\n\n\n<p> Les doubles \u00e9taient compos\u00e9s de Tony-JPO et Steph-Val.<br> Anthony DELORME (4V + D) Jean Pierre&nbsp;\u00bb OVIGUE (4V + D) St\u00e9phane GUILLEMIN (4V + D) Valentin BUIRON (3V + D)<\/p>\n\n\n\n<p class=\"has-text-color has-primary-color\">En\nd\u00e9partementale 2&nbsp;: LJJT 4 \/ CORCY TT 4&nbsp;: 08 &#8211; 10<\/p>\n\n\n\n<p>Toujours\nbien faire attention quand on rencontre Corcy\u2026\u2026, car un Calland peut en cacher\nun autre\u2026.. Et c\u2019est avec Fabrice Calland comme berger du troupeau que nos amis\nde Corcy se sont rendus en terres St\u00e9phanoises.<\/p>\n\n\n\n<p>Notre Berger \u00e0 nous fut notre Pr\u00e9sident bien aim\u00e9, et l\u2019Ange du Seigneur lui apparut dans la flamme d\u2019un buisson \u00ab Arbant \u00bb. Notre pr\u00e9sident le regarda : le buisson br\u00fblait sans se consumer\u2026. Touch\u00e9 par la Gr\u00e2ce, notre buisson Arbant, tout de calme et de s\u00e9r\u00e9nit\u00e9 rev\u00eatu, \u00e9tendit le bras sur la mer verte et noire, et chassa l\u2019adversit\u00e9 par force coup droit et revers jamais puissants mais toujours percutants, qui lui permirent d\u2019ouvrir les eaux vers 3 magnifiques perf \u00e0 8 aux d\u00e9pens des valeureux guerriers Corciens\u2026 Exalt\u00e9 par la satisfaction d\u2019avoir conduit une de ses brebis vers le Graal, Dieu (notre Pr\u00e9sident) d\u00e9cida qu\u2019il lui fallait poursuivre ce fastidieux chantier ; il envoya un ange vers T, et cet ange lui dit : \u00ab l\u00e8ve toi et mange \u00bb ; T regarda et il vit \u00e0 son chevet une assiette de charcuterie, une volaille \u00e0 la cr\u00e8me cuite sur des pierres chauff\u00e9es, un vacherin ainsi qu\u2019une cruche de Ricard. Il mangea et but, puis se positionna derri\u00e8re la table\u2026 L\u2019ange de l\u2019\u00e9ternel vint une deuxi\u00e8me fois, le toucha et lui dit : \u00ab l\u00e8ve toi et mange, car le chemin est trop long pour toi \u00bb et le conseil porta ses fruits, avec la force que lui donna cette nourriture, il marcha 40 jours et 40 nuits sur les malheureux Corciens que Dieu mit sur son chemin, et c\u2019est sans coup f\u00e9rir, \u00e0 force de taille et d\u2019estoc, que notre gourmand T vint \u00e0 bout de 3 de ses adversaires du jour\u2026.<\/p>\n\n\n\n<div class=\"wp-block-image\"><figure class=\"aligncenter is-resized\"><img loading=\"lazy\" decoding=\"async\" src=\"http:\/\/www.ljtt.fr\/wp-content\/uploads\/2019\/09\/4-1-1024x696.jpg\" alt=\"\" class=\"wp-image-785\" width=\"503\" height=\"341\" srcset=\"https:\/\/www.ljtt.fr\/wp-content\/uploads\/2019\/09\/4-1-1024x696.jpg 1024w, https:\/\/www.ljtt.fr\/wp-content\/uploads\/2019\/09\/4-1-300x204.jpg 300w, https:\/\/www.ljtt.fr\/wp-content\/uploads\/2019\/09\/4-1-768x522.jpg 768w, https:\/\/www.ljtt.fr\/wp-content\/uploads\/2019\/09\/4-1-120x80.jpg 120w, https:\/\/www.ljtt.fr\/wp-content\/uploads\/2019\/09\/4-1.jpg 1082w\" sizes=\"auto, (max-width: 503px) 100vw, 503px\" \/><\/figure><\/div>\n\n\n\n<p>Apr\u00e8s\navoir triomph\u00e9 magistralement du p\u00each\u00e9 de gourmandise, Dieu prit la d\u00e9cision\nqu\u2019il lui fallait \u00e9radiquer du monde St\u00e9phanois la paresse\u2026 \u00ab\u00a0La paresse\nfait tomber dans l\u2019assoupissement, et l\u2019\u00e2me nonchalante \u00e9prouve la faim \u00bb. Ce\nchantier, \u00f4 combien ardu, ne fut termin\u00e9 qu\u2019\u00e0 moiti\u00e9, puisque Dieu, malgr\u00e9 sa\ngrande sagesse et son incommensurable bienveillance, ne put guider sa brebis\nXavier que vers 2 victoires, difficilement obtenues.<\/p>\n\n\n\n<p>Au\n7\u00e8me jour, Dieu d\u00e9cida qu\u2019il lui fallait terminer lui m\u00eame le chantier ; mais,\nmalheureusement, \u00e9puis\u00e9 par cette travers\u00e9e du d\u00e9sert, et malgr\u00e9 toute la force\nspirituelle qui le caract\u00e9rise, il ne put que plier genou \u00e0 terre et s\u2019incliner\nface \u00e0 l\u2019adversit\u00e9.<\/p>\n\n\n\n<p>Xavier\nMARTEL (2V) S\u00e9bastien MILLET (3V) Jules \u00ab&nbsp;buisson&nbsp;\u00bb ARBANT (3V + D)\nChristophe \u00ab&nbsp;Dieu&nbsp;\u00bb DUBOIS (0V)<\/p>\n\n\n\n<p class=\"has-text-color has-primary-color\">En\nd\u00e9partementale 2&nbsp;: LJJT 5 et LJTT 6&nbsp;: Exempt&nbsp;= match amical\nentre les deux \u00e9quipes<\/p>\n\n\n\n<p>D\u00e9but de saison ce samedi pour les\n\u00e9quipe 5 et 6 ce samedi (comme pour toutes les \u00e9quipes) et pour commencer la\nsaison en jouant au ping et non en restant dans les tribunes&#8230; ou dans le\ncanap\u00e9, la CS avait organis\u00e9 une rencontre amicale entre les \u00e9quipes 5 et 6 qui\n\u00e9taient toutes les 2 exemptes.<\/p>\n\n\n\n<p>Sur le papier, la rencontre\ns&rsquo;annon\u00e7ait assez \u00e9quilibr\u00e9e avec d&rsquo;un c\u00f4t\u00e9 des 500 aff\u00fbt\u00e9s (Arnaud H., Nico,\nFabien et Arnaud P.) et de l&rsquo;autre 2 500 (Thierry et Paul) et un 600 (Bobby) et\nun 800 (Pascal) plus exp\u00e9riment\u00e9s.<\/p>\n\n\n\n<p>&nbsp;La rencontre d\u00e9bute avec\ndonc les d\u00e9buts de Nico qui attaque (enfin !) la comp\u00e9t. cette ann\u00e9e et de Paul\nBorn\u00e9at de retour au ping.<\/p>\n\n\n\n<p>La logique est respect\u00e9e jusqu&rsquo;\u00e0\nce que Fabien prenne le dessus sur Bobby (peut-\u00eatre encore en vacances !?).<\/p>\n\n\n\n<p>Cela fait 5 \u00e0 3 en faveur de\nl&rsquo;\u00e9quipe 5 avant les doubles.<\/p>\n\n\n\n<p>Puis 7-3 avec les 2 doubles\nremport\u00e9s assez facilement par les paires Nico-Fab et Arnaudx2.<\/p>\n\n\n\n<p>Et le score va enfler jusqu&rsquo;\u00e0 15-3\ncar le physique va prendre le dessus sur l&rsquo;exp\u00e9rience !&#8230; Bobby et Pascal\nfinissant dans le dur (normal, c&rsquo;est le d\u00e9but de saison !).<\/p>\n\n\n\n<p>&nbsp;A noter les beaux et\nencourageants matchs des jeunes Arnaud H. et Paul et le carton plein de Nico\n(pas mal pour une premi\u00e8re !!)<\/p>\n\n\n\n<p>&nbsp;Suivi d&rsquo;un tr\u00e8s sympa\ncasse-cro\u00fbte, ce premier match a permis de d\u00e9buter la saison sur de bonnes\nbases&#8230;<\/p>\n\n\n\n<p>&nbsp;E.5 : Arnaud Huart 2V+D &#8211;\nFabien Mirmand 3V+D &#8211; Nicolas Bernard 4V+D &#8211; Arnaud Pochon 4V+D<\/p>\n\n\n\n<p>E.6 : Paul Born\u00e9at 0V &#8211; Thierry\nCornaton 0V &#8211; Robert Martinez 1V &#8211; Pascal Bardet 2V<\/p>\n","protected":false},"excerpt":{"rendered":"<p>Le bruit des balles r\u00e9sonne enfin sur les tables. Apr\u00e8s un chaud \u00e9t\u00e9, il \u00e9tait temps de reprendre la comp\u00e9tition.<\/p>\n","protected":false},"author":1,"featured_media":786,"comment_status":"closed","ping_status":"closed","sticky":false,"template":"","format":"standard","meta":{"footnotes":""},"categories":[1],"tags":[],"class_list":["post-789","post","type-post","status-publish","format-standard","has-post-thumbnail","hentry","category-non-classe"],"_links":{"self":[{"href":"https:\/\/www.ljtt.fr\/index.php\/wp-json\/wp\/v2\/posts\/789","targetHints":{"allow":["GET"]}}],"collection":[{"href":"https:\/\/www.ljtt.fr\/index.php\/wp-json\/wp\/v2\/posts"}],"about":[{"href":"https:\/\/www.ljtt.fr\/index.php\/wp-json\/wp\/v2\/types\/post"}],"author":[{"embeddable":true,"href":"https:\/\/www.ljtt.fr\/index.php\/wp-json\/wp\/v2\/users\/1"}],"replies":[{"embeddable":true,"href":"https:\/\/www.ljtt.fr\/index.php\/wp-json\/wp\/v2\/comments?post=789"}],"version-history":[{"count":4,"href":"https:\/\/www.ljtt.fr\/index.php\/wp-json\/wp\/v2\/posts\/789\/revisions"}],"predecessor-version":[{"id":1064,"href":"https:\/\/www.ljtt.fr\/index.php\/wp-json\/wp\/v2\/posts\/789\/revisions\/1064"}],"wp:featuredmedia":[{"embeddable":true,"href":"https:\/\/www.ljtt.fr\/index.php\/wp-json\/wp\/v2\/media\/786"}],"wp:attachment":[{"href":"https:\/\/www.ljtt.fr\/index.php\/wp-json\/wp\/v2\/media?parent=789"}],"wp:term":[{"taxonomy":"category","embeddable":true,"href":"https:\/\/www.ljtt.fr\/index.php\/wp-json\/wp\/v2\/categories?post=789"},{"taxonomy":"post_tag","embeddable":true,"href":"https:\/\/www.ljtt.fr\/index.php\/wp-json\/wp\/v2\/tags?post=789"}],"curies":[{"name":"wp","href":"https:\/\/api.w.org\/{rel}","templated":true}]}}